{"id":2354,"date":"2026-04-29T01:42:48","date_gmt":"2026-04-29T01:42:48","guid":{"rendered":"https:\/\/semujer.gob.hn\/?p=2354"},"modified":"2026-04-29T01:44:09","modified_gmt":"2026-04-29T01:44:09","slug":"elementor-2354","status":"publish","type":"post","link":"https:\/\/semujer.gob.hn\/index.php\/2026\/04\/29\/elementor-2354\/","title":{"rendered":"Acercamiento para promover la participaci\u00f3n y atenci\u00f3n integral a mujeres con discapacidad"},"content":{"rendered":"\t\t<div data-elementor-type=\"wp-post\" data-elementor-id=\"2354\" class=\"elementor elementor-2354\">\n\t\t\t\t<div class=\"elementor-element elementor-element-58679bd8 e-flex e-con-boxed e-con e-parent\" data-id=\"58679bd8\" data-element_type=\"container\" data-settings=\"{&quot;background_background&quot;:&quot;classic&quot;}\">\n\t\t\t\t\t<div class=\"e-con-inner\">\n\t\t\t\t<div class=\"elementor-element elementor-element-1b5db005 elementor-widget elementor-widget-spacer\" data-id=\"1b5db005\" data-element_type=\"widget\" data-widget_type=\"spacer.default\">\n\t\t\t\t<div class=\"elementor-widget-container\">\n\t\t\t\t\t\t\t<div class=\"elementor-spacer\">\n\t\t\t<div class=\"elementor-spacer-inner\"><\/div>\n\t\t<\/div>\n\t\t\t\t\t\t<\/div>\n\t\t\t\t<\/div>\n\t\t\t\t<div class=\"elementor-element elementor-element-7a88c26a elementor-widget elementor-widget-image\" data-id=\"7a88c26a\" data-element_type=\"widget\" data-widget_type=\"image.default\">\n\t\t\t\t<div class=\"elementor-widget-container\">\n\t\t\t\t\t\t\t\t\t\t\t\t\t\t\t<img fetchpriority=\"high\" decoding=\"async\" width=\"1600\" height=\"900\" src=\"https:\/\/semujer.gob.hn\/wp-content\/uploads\/2026\/04\/WhatsApp-Image-2026-04-28-at-10.14.45-PM.jpeg\" class=\"attachment-full size-full wp-image-2356\" alt=\"\" srcset=\"https:\/\/semujer.gob.hn\/wp-content\/uploads\/2026\/04\/WhatsApp-Image-2026-04-28-at-10.14.45-PM.jpeg 1600w, https:\/\/semujer.gob.hn\/wp-content\/uploads\/2026\/04\/WhatsApp-Image-2026-04-28-at-10.14.45-PM-300x169.jpeg 300w, https:\/\/semujer.gob.hn\/wp-content\/uploads\/2026\/04\/WhatsApp-Image-2026-04-28-at-10.14.45-PM-1024x576.jpeg 1024w, https:\/\/semujer.gob.hn\/wp-content\/uploads\/2026\/04\/WhatsApp-Image-2026-04-28-at-10.14.45-PM-768x432.jpeg 768w, https:\/\/semujer.gob.hn\/wp-content\/uploads\/2026\/04\/WhatsApp-Image-2026-04-28-at-10.14.45-PM-1536x864.jpeg 1536w\" sizes=\"(max-width: 1600px) 100vw, 1600px\" \/>\t\t\t\t\t\t\t\t\t\t\t\t\t\t\t<\/div>\n\t\t\t\t<\/div>\n\t\t\t\t<div class=\"elementor-element elementor-element-2af2a0f elementor-widget elementor-widget-spacer\" data-id=\"2af2a0f\" data-element_type=\"widget\" data-widget_type=\"spacer.default\">\n\t\t\t\t<div class=\"elementor-widget-container\">\n\t\t\t\t\t\t\t<div class=\"elementor-spacer\">\n\t\t\t<div class=\"elementor-spacer-inner\"><\/div>\n\t\t<\/div>\n\t\t\t\t\t\t<\/div>\n\t\t\t\t<\/div>\n\t\t\t\t<div class=\"elementor-element elementor-element-7f014a94 elementor-widget elementor-widget-text-editor\" data-id=\"7f014a94\" data-element_type=\"widget\" data-widget_type=\"text-editor.default\">\n\t\t\t\t<div class=\"elementor-widget-container\">\n\t\t\t\t\t\t\t\t\t<p>La Secretar\u00eda de Asuntos de la Mujer de Honduras reafirma su compromiso con la inclusi\u00f3n y la atenci\u00f3n integral a todas las mujeres del pa\u00eds, especialmente aquellas en situaci\u00f3n de vulnerabilidad y con discapacidad.<\/p><p>En un paso importante hacia la igualdad y la participaci\u00f3n activa, la Secretar\u00eda recibi\u00f3 a representantes del Colectivo Mariposa 88, organizaci\u00f3n que trabaja incansablemente por los derechos de las mujeres y las personas con discapacidad. <br \/>Este di\u00e1logo busca fortalecer las acciones institucionales, promover la participaci\u00f3n de mujeres en todos los \u00e1mbitos y garantizar que ninguna mujer quede atr\u00e1s. <\/p><p>La colaboraci\u00f3n refleja la rector\u00eda de la Secretar\u00eda en la defensa de los derechos humanos y la construcci\u00f3n de una sociedad m\u00e1s inclusiva y equitativa para todas.<\/p>\t\t\t\t\t\t\t\t<\/div>\n\t\t\t\t<\/div>\n\t\t\t\t<div class=\"elementor-element elementor-element-30101bac elementor-widget elementor-widget-spacer\" data-id=\"30101bac\" data-element_type=\"widget\" data-widget_type=\"spacer.default\">\n\t\t\t\t<div class=\"elementor-widget-container\">\n\t\t\t\t\t\t\t<div class=\"elementor-spacer\">\n\t\t\t<div class=\"elementor-spacer-inner\"><\/div>\n\t\t<\/div>\n\t\t\t\t\t\t<\/div>\n\t\t\t\t<\/div>\n\t\t\t\t<div class=\"elementor-element elementor-element-6c4895d6 elementor-shape-rounded elementor-grid-0 e-grid-align-center elementor-widget elementor-widget-social-icons\" data-id=\"6c4895d6\" data-element_type=\"widget\" data-widget_type=\"social-icons.default\">\n\t\t\t\t<div class=\"elementor-widget-container\">\n\t\t\t\t\t\t\t<div class=\"elementor-social-icons-wrapper elementor-grid\" role=\"list\">\n\t\t\t\t\t\t\t<span class=\"elementor-grid-item\" role=\"listitem\">\n\t\t\t\t\t<a class=\"elementor-icon elementor-social-icon elementor-social-icon-facebook elementor-repeater-item-14d92bf\" href=\"https:\/\/www.facebook.com\/SEMUJERHND\/\" target=\"_blank\">\n\t\t\t\t\t\t<span class=\"elementor-screen-only\">Facebook<\/span>\n\t\t\t\t\t\t<svg class=\"e-font-icon-svg e-fab-facebook\" viewBox=\"0 0 512 512\" xmlns=\"http:\/\/www.w3.org\/2000\/svg\"><path d=\"M504 256C504 119 393 8 256 8S8 119 8 256c0 123.78 90.69 226.38 209.25 245V327.69h-63V256h63v-54.64c0-62.15 37-96.48 93.67-96.48 27.14 0 55.52 4.84 55.52 4.84v61h-31.28c-30.8 0-40.41 19.12-40.41 38.73V256h68.78l-11 71.69h-57.78V501C413.31 482.38 504 379.78 504 256z\"><\/path><\/svg>\t\t\t\t\t<\/a>\n\t\t\t\t<\/span>\n\t\t\t\t\t\t\t<span class=\"elementor-grid-item\" role=\"listitem\">\n\t\t\t\t\t<a class=\"elementor-icon elementor-social-icon elementor-social-icon-x-twitter elementor-repeater-item-8a811e1\" href=\"https:\/\/www.google.com\/url?sa=t&#038;source=web&#038;rct=j&#038;opi=89978449&#038;url=https:\/\/x.com\/semujer_hn%3Fref_src%3Dtwsrc%255Egoogle%257Ctwcamp%255Eserp%257Ctwgr%255Eauthor&#038;ved=2ahUKEwir79_Q7I2OAxXcSjABHf5GGIEQ6F56BAgSEAE&#038;usg=AOvVaw23_XQraGuPJUah8Q-jk6H7\" target=\"_blank\">\n\t\t\t\t\t\t<span class=\"elementor-screen-only\">X-twitter<\/span>\n\t\t\t\t\t\t<svg class=\"e-font-icon-svg e-fab-x-twitter\" viewBox=\"0 0 512 512\" xmlns=\"http:\/\/www.w3.org\/2000\/svg\"><path d=\"M389.2 48h70.6L305.6 224.2 487 464H345L233.7 318.6 106.5 464H35.8L200.7 275.5 26.8 48H172.4L272.9 180.9 389.2 48zM364.4 421.8h39.1L151.1 88h-42L364.4 421.8z\"><\/path><\/svg>\t\t\t\t\t<\/a>\n\t\t\t\t<\/span>\n\t\t\t\t\t\t\t<span class=\"elementor-grid-item\" role=\"listitem\">\n\t\t\t\t\t<a class=\"elementor-icon elementor-social-icon elementor-social-icon-instagram elementor-repeater-item-4938069\" href=\"https:\/\/www.google.com\/url?sa=t&#038;source=web&#038;rct=j&#038;opi=89978449&#038;url=https:\/\/www.instagram.com\/semujer_hn\/%3Fhl%3Des&#038;ved=2ahUKEwjOybLk7I2OAxXQSzABHTmXKFAQFnoECBwQAQ&#038;usg=AOvVaw2ScaxOuW5Ep6jXBaz8uV7H\" target=\"_blank\">\n\t\t\t\t\t\t<span class=\"elementor-screen-only\">Instagram<\/span>\n\t\t\t\t\t\t<svg class=\"e-font-icon-svg e-fab-instagram\" viewBox=\"0 0 448 512\" xmlns=\"http:\/\/www.w3.org\/2000\/svg\"><path d=\"M224.1 141c-63.6 0-114.9 51.3-114.9 114.9s51.3 114.9 114.9 114.9S339 319.5 339 255.9 287.7 141 224.1 141zm0 189.6c-41.1 0-74.7-33.5-74.7-74.7s33.5-74.7 74.7-74.7 74.7 33.5 74.7 74.7-33.6 74.7-74.7 74.7zm146.4-194.3c0 14.9-12 26.8-26.8 26.8-14.9 0-26.8-12-26.8-26.8s12-26.8 26.8-26.8 26.8 12 26.8 26.8zm76.1 27.2c-1.7-35.9-9.9-67.7-36.2-93.9-26.2-26.2-58-34.4-93.9-36.2-37-2.1-147.9-2.1-184.9 0-35.8 1.7-67.6 9.9-93.9 36.1s-34.4 58-36.2 93.9c-2.1 37-2.1 147.9 0 184.9 1.7 35.9 9.9 67.7 36.2 93.9s58 34.4 93.9 36.2c37 2.1 147.9 2.1 184.9 0 35.9-1.7 67.7-9.9 93.9-36.2 26.2-26.2 34.4-58 36.2-93.9 2.1-37 2.1-147.8 0-184.8zM398.8 388c-7.8 19.6-22.9 34.7-42.6 42.6-29.5 11.7-99.5 9-132.1 9s-102.7 2.6-132.1-9c-19.6-7.8-34.7-22.9-42.6-42.6-11.7-29.5-9-99.5-9-132.1s-2.6-102.7 9-132.1c7.8-19.6 22.9-34.7 42.6-42.6 29.5-11.7 99.5-9 132.1-9s102.7-2.6 132.1 9c19.6 7.8 34.7 22.9 42.6 42.6 11.7 29.5 9 99.5 9 132.1s2.7 102.7-9 132.1z\"><\/path><\/svg>\t\t\t\t\t<\/a>\n\t\t\t\t<\/span>\n\t\t\t\t\t\t\t<span class=\"elementor-grid-item\" role=\"listitem\">\n\t\t\t\t\t<a class=\"elementor-icon elementor-social-icon elementor-social-icon-tiktok elementor-repeater-item-afb6596\" href=\"https:\/\/www.tiktok.com\/@semujer_hn?_t=ZM-8x7r5Wwz2Mo&#038;_r=1\" target=\"_blank\">\n\t\t\t\t\t\t<span class=\"elementor-screen-only\">Tiktok<\/span>\n\t\t\t\t\t\t<svg class=\"e-font-icon-svg e-fab-tiktok\" viewBox=\"0 0 448 512\" xmlns=\"http:\/\/www.w3.org\/2000\/svg\"><path d=\"M448,209.91a210.06,210.06,0,0,1-122.77-39.25V349.38A162.55,162.55,0,1,1,185,188.31V278.2a74.62,74.62,0,1,0,52.23,71.18V0l88,0a121.18,121.18,0,0,0,1.86,22.17h0A122.18,122.18,0,0,0,381,102.39a121.43,121.43,0,0,0,67,20.14Z\"><\/path><\/svg>\t\t\t\t\t<\/a>\n\t\t\t\t<\/span>\n\t\t\t\t\t<\/div>\n\t\t\t\t\t\t<\/div>\n\t\t\t\t<\/div>\n\t\t\t\t<div class=\"elementor-element elementor-element-107a2859 elementor-widget elementor-widget-spacer\" data-id=\"107a2859\" data-element_type=\"widget\" data-widget_type=\"spacer.default\">\n\t\t\t\t<div class=\"elementor-widget-container\">\n\t\t\t\t\t\t\t<div class=\"elementor-spacer\">\n\t\t\t<div class=\"elementor-spacer-inner\"><\/div>\n\t\t<\/div>\n\t\t\t\t\t\t<\/div>\n\t\t\t\t<\/div>\n\t\t\t\t<div class=\"elementor-element elementor-element-36c4321d tpg-wrapper-align-left section-title-align-center meta-visibility-show section-title-style-style1 title_position_default title_hover_border_default title-default img_hover_animation_default meta_position_default readmore-btn-default-style grid-hover-overlay-type-always tpg-el-box-border-enable tpg-border-bottom-disable elementor-widget elementor-widget-tpg-grid-layout\" data-id=\"36c4321d\" data-element_type=\"widget\" data-widget_type=\"tpg-grid-layout.default\">\n\t\t\t\t<div class=\"elementor-widget-container\">\n\t\t\t\t\t\t\t<div class=\"rt-container-fluid rt-tpg-container tpg-el-main-wrapper clearfix grid-layout1-main \"\n\t\t\t id=\"rt-tpg-container-1510889529\"\n\t\t\t data-layout=\"grid-layout1\"\n\t\t\t data-grid-style=\"tpg-full-height\"\n\t\t\t data-sc-id=\"elementor\"\n\t\t\t data-el-settings=''\n\t\t\t data-el-query=''\n\t\t\t data-el-path=''\n\t\t>\n\t\t\t\t\t\t<div class='tpg-header-wrapper '>\n\t\t\t\t\n        <div class=\"tpg-widget-heading-wrapper rt-clear heading-style1 \">\n            <span class=\"tpg-widget-heading-line line-left\"><\/span>\n\t\t\t<h1 class='tpg-widget-heading'>\n\t\t\t\n\t\t\t\t                    <span>\n\t\t\t\t\t\tOtras Noticias\t\t\t\t\t<\/span>\n\t\t\t\t\t\n\t\t\t\t\t\t\t<\/h1>            <span class=\"tpg-widget-heading-line line-right\"><\/span>\n\n\t\t\t\n        <\/div>\n\n\t\t\n\t\t\t\t\t<\/div>\n\n\t\t\t<div data-title=\"Loading ...\" class=\"rt-row rt-content-loader grid-layout1 grid-behaviour tpg-full-height grid_layout_wrapper\">\n\t\t\t\t<div class=\"rt-col-md-4 rt-col-sm-6 rt-col-xs-12 default rt-grid-item post-2354 post type-post status-publish format-standard has-post-thumbnail hentry category-noticias\"\t\tdata-id=\"2354\">\n\t<div class=\"rt-holder tpg-post-holder\">\n\t\t<div class=\"rt-detail rt-el-content-wrapper\">\n\t\t\t\t\t\t\t<div class=\"rt-img-holder tpg-el-image-wrap has-thumbnail\">\n\t\t\t\t\t<a data-id=\"2354\" href=\"https:\/\/semujer.gob.hn\/index.php\/2026\/04\/29\/elementor-2354\/\" class=\"tpg-post-link\" target=\"_self\">                        <img decoding=\"async\" src=\"https:\/\/semujer.gob.hn\/wp-content\/uploads\/2026\/04\/WhatsApp-Image-2026-04-28-at-10.14.45-PM-768x432.jpeg\"\n                             class=\"rt-img-responsive\"\n                             width=\"768\"\n                             height=\"432\"\n                             alt=\"Acercamiento para promover la participaci\u00f3n y atenci\u00f3n integral a mujeres con discapacidad\">\n\t\t\t\t\t\t\n\t\t\t\t\t\t\t\n\t\t<\/a>\n\t\t        <div class=\"overlay grid-hover-content\"><\/div>\n\t\t\t\t\t\t<\/div>\n\t\t\t\n\t\t\t<div class=\"entry-title-wrapper\"><h4 class=\"entry-title\"><a data-id=\"2354\" href=\"https:\/\/semujer.gob.hn\/index.php\/2026\/04\/29\/elementor-2354\/\" class=\"tpg-post-link\" target=\"_self\">Acercamiento para promover la participaci\u00f3n y atenci\u00f3n integral a mujeres con discapacidad<\/a><\/h4><\/div>\n\t\t\t\t\t\t\t<div class=\"post-meta-tags rt-el-post-meta\">\n\t\t\t\t\t\t\t\t\t<\/div>\n\t\t\t\n\n\t\t\t\t\t\t\t<div class=\"tpg-excerpt tpg-el-excerpt\">\n\t\t\t\t\t\t\t\t\t\t\t<div class=\"tpg-excerpt-inner\">\n\t\t\t\t\t\t\tLa Secretar\u00eda de Asuntos de la Mujer de Honduras reafirma su compromiso con la inclusi\u00f3n y la atenci\u00f3n integral a...\t\t\t\t\t\t<\/div>\n\t\t\t\t\t\t\t\t\t\t\t\t\t\t<\/div>\n\t\t\t\n\t\t\t        <div class=\"post-footer\">\n            <div class=\"post-footer\">\n                <div class=\"read-more\">\n\t\t\t\t\t<a data-id=\"2354\" href=\"https:\/\/semujer.gob.hn\/index.php\/2026\/04\/29\/elementor-2354\/\" class=\"tpg-post-link\" target=\"_self\">Leer m\u00e1s<\/a>                <\/div>\n            <\/div>\n        <\/div>\n\t\t\t\t<\/div>\n\t<\/div>\n<\/div>\n<div class=\"rt-col-md-4 rt-col-sm-6 rt-col-xs-12 default rt-grid-item post-2330 post type-post status-publish format-standard has-post-thumbnail hentry category-noticias\"\t\tdata-id=\"2330\">\n\t<div class=\"rt-holder tpg-post-holder\">\n\t\t<div class=\"rt-detail rt-el-content-wrapper\">\n\t\t\t\t\t\t\t<div class=\"rt-img-holder tpg-el-image-wrap has-thumbnail\">\n\t\t\t\t\t<a data-id=\"2330\" href=\"https:\/\/semujer.gob.hn\/index.php\/2026\/04\/27\/elementor-2330\/\" class=\"tpg-post-link\" target=\"_self\">                        <img decoding=\"async\" src=\"https:\/\/semujer.gob.hn\/wp-content\/uploads\/2026\/04\/WhatsApp-Image-2026-04-27-at-4.03.51-PM-768x432.jpeg\"\n                             class=\"rt-img-responsive\"\n                             width=\"768\"\n                             height=\"432\"\n                             alt=\"Mujeres tendr\u00e1n mayor impulso con acciones coordinadas para su empoderamiento y desarrollo sostenible\">\n\t\t\t\t\t\t\n\t\t\t\t\t\t\t\n\t\t<\/a>\n\t\t        <div class=\"overlay grid-hover-content\"><\/div>\n\t\t\t\t\t\t<\/div>\n\t\t\t\n\t\t\t<div class=\"entry-title-wrapper\"><h4 class=\"entry-title\"><a data-id=\"2330\" href=\"https:\/\/semujer.gob.hn\/index.php\/2026\/04\/27\/elementor-2330\/\" class=\"tpg-post-link\" target=\"_self\">Mujeres tendr\u00e1n mayor impulso con acciones coordinadas para su empoderamiento y desarrollo sostenible<\/a><\/h4><\/div>\n\t\t\t\t\t\t\t<div class=\"post-meta-tags rt-el-post-meta\">\n\t\t\t\t\t\t\t\t\t<\/div>\n\t\t\t\n\n\t\t\t\t\t\t\t<div class=\"tpg-excerpt tpg-el-excerpt\">\n\t\t\t\t\t\t\t\t\t\t\t<div class=\"tpg-excerpt-inner\">\n\t\t\t\t\t\t\tSan Juan, Intibuc\u00e1. Alcaldias, mancomunidades, red de mujeres y organizaciones civiles, de San Juan Intibuca se sientan junto con autoridades...\t\t\t\t\t\t<\/div>\n\t\t\t\t\t\t\t\t\t\t\t\t\t\t<\/div>\n\t\t\t\n\t\t\t        <div class=\"post-footer\">\n            <div class=\"post-footer\">\n                <div class=\"read-more\">\n\t\t\t\t\t<a data-id=\"2330\" href=\"https:\/\/semujer.gob.hn\/index.php\/2026\/04\/27\/elementor-2330\/\" class=\"tpg-post-link\" target=\"_self\">Leer m\u00e1s<\/a>                <\/div>\n            <\/div>\n        <\/div>\n\t\t\t\t<\/div>\n\t<\/div>\n<\/div>\n<div class=\"rt-col-md-4 rt-col-sm-6 rt-col-xs-12 default rt-grid-item post-2309 post type-post status-publish format-standard has-post-thumbnail hentry category-noticias\"\t\tdata-id=\"2309\">\n\t<div class=\"rt-holder tpg-post-holder\">\n\t\t<div class=\"rt-detail rt-el-content-wrapper\">\n\t\t\t\t\t\t\t<div class=\"rt-img-holder tpg-el-image-wrap has-thumbnail\">\n\t\t\t\t\t<a data-id=\"2309\" href=\"https:\/\/semujer.gob.hn\/index.php\/2026\/04\/24\/elementor-2309\/\" class=\"tpg-post-link\" target=\"_self\">                        <img loading=\"lazy\" decoding=\"async\" src=\"https:\/\/semujer.gob.hn\/wp-content\/uploads\/2026\/04\/WhatsApp-Image-2026-04-24-at-4.09.26-PM-768x432.jpeg\"\n                             class=\"rt-img-responsive\"\n                             width=\"768\"\n                             height=\"432\"\n                             alt=\"SEMUJER y Manos Extendidas impulsan cooperaci\u00f3n en formaci\u00f3n y empoderamiento de mujeres adolescentes\">\n\t\t\t\t\t\t\n\t\t\t\t\t\t\t\n\t\t<\/a>\n\t\t        <div class=\"overlay grid-hover-content\"><\/div>\n\t\t\t\t\t\t<\/div>\n\t\t\t\n\t\t\t<div class=\"entry-title-wrapper\"><h4 class=\"entry-title\"><a data-id=\"2309\" href=\"https:\/\/semujer.gob.hn\/index.php\/2026\/04\/24\/elementor-2309\/\" class=\"tpg-post-link\" target=\"_self\">SEMUJER y Manos Extendidas impulsan cooperaci\u00f3n en formaci\u00f3n y empoderamiento de mujeres adolescentes<\/a><\/h4><\/div>\n\t\t\t\t\t\t\t<div class=\"post-meta-tags rt-el-post-meta\">\n\t\t\t\t\t\t\t\t\t<\/div>\n\t\t\t\n\n\t\t\t\t\t\t\t<div class=\"tpg-excerpt tpg-el-excerpt\">\n\t\t\t\t\t\t\t\t\t\t\t<div class=\"tpg-excerpt-inner\">\n\t\t\t\t\t\t\t\u00abSEMUJER Y MANOS EXTENDIDAS IMPULSAN COOPERACI\u00d3N ENFORMACI\u00d3N Y EMPODERAMIENTO DE MUJERES ADOLESCENTES\u00bb Tegucigalpa, 24 de abril de 2026 \u2014 La...\t\t\t\t\t\t<\/div>\n\t\t\t\t\t\t\t\t\t\t\t\t\t\t<\/div>\n\t\t\t\n\t\t\t        <div class=\"post-footer\">\n            <div class=\"post-footer\">\n                <div class=\"read-more\">\n\t\t\t\t\t<a data-id=\"2309\" href=\"https:\/\/semujer.gob.hn\/index.php\/2026\/04\/24\/elementor-2309\/\" class=\"tpg-post-link\" target=\"_self\">Leer m\u00e1s<\/a>                <\/div>\n            <\/div>\n        <\/div>\n\t\t\t\t<\/div>\n\t<\/div>\n<\/div>\n\t\t\t<\/div>\n\t\t\t\n\t\t<\/div>\n\t\t\t\t\t\t<\/div>\n\t\t\t\t<\/div>\n\t\t<div class=\"elementor-element elementor-element-780cd9d4 e-con-full e-flex e-con e-child\" data-id=\"780cd9d4\" data-element_type=\"container\">\n\t\t\t\t<\/div>\n\t\t\t\t\t<\/div>\n\t\t\t\t<\/div>\n\t\t\t\t<\/div>\n\t\t","protected":false},"excerpt":{"rendered":"<p>La Secretar\u00eda de Asuntos de la Mujer de Honduras reafirma su compromiso con la inclusi\u00f3n y la atenci\u00f3n integral a [&hellip;]<\/p>\n","protected":false},"author":2,"featured_media":2356,"comment_status":"closed","ping_status":"closed","sticky":false,"template":"","format":"standard","meta":{"site-sidebar-layout":"default","site-content-layout":"","ast-site-content-layout":"","site-content-style":"default","site-sidebar-style":"default","ast-global-header-display":"","ast-banner-title-visibility":"","ast-main-header-display":"","ast-hfb-above-header-display":"","ast-hfb-below-header-display":"","ast-hfb-mobile-header-display":"","site-post-title":"","ast-breadcrumbs-content":"","ast-featured-img":"","footer-sml-layout":"","theme-transparent-header-meta":"","adv-header-id-meta":"","stick-header-meta":"","header-above-stick-meta":"","header-main-stick-meta":"","header-below-stick-meta":"","astra-migrate-meta-layouts":"default","ast-page-background-enabled":"default","ast-page-background-meta":{"desktop":{"background-color":"var(--ast-global-color-5)","background-image":"","background-repeat":"repeat","background-position":"center center","background-size":"auto","background-attachment":"scroll","background-type":"","background-media":"","overlay-type":"","overlay-color":"","overlay-opacity":"","overlay-gradient":""},"tablet":{"background-color":"","background-image":"","background-repeat":"repeat","background-position":"center center","background-size":"auto","background-attachment":"scroll","background-type":"","background-media":"","overlay-type":"","overlay-color":"","overlay-opacity":"","overlay-gradient":""},"mobile":{"background-color":"","background-image":"","background-repeat":"repeat","background-position":"center center","background-size":"auto","background-attachment":"scroll","background-type":"","background-media":"","overlay-type":"","overlay-color":"","overlay-opacity":"","overlay-gradient":""}},"ast-content-background-meta":{"desktop":{"background-color":"var(--ast-global-color-4)","background-image":"","background-repeat":"repeat","background-position":"center center","background-size":"auto","background-attachment":"scroll","background-type":"","background-media":"","overlay-type":"","overlay-color":"","overlay-opacity":"","overlay-gradient":""},"tablet":{"background-color":"var(--ast-global-color-4)","background-image":"","background-repeat":"repeat","background-position":"center center","background-size":"auto","background-attachment":"scroll","background-type":"","background-media":"","overlay-type":"","overlay-color":"","overlay-opacity":"","overlay-gradient":""},"mobile":{"background-color":"var(--ast-global-color-4)","background-image":"","background-repeat":"repeat","background-position":"center center","background-size":"auto","background-attachment":"scroll","background-type":"","background-media":"","overlay-type":"","overlay-color":"","overlay-opacity":"","overlay-gradient":""}},"footnotes":""},"categories":[7],"tags":[],"class_list":["post-2354","post","type-post","status-publish","format-standard","has-post-thumbnail","hentry","category-noticias"],"rttpg_featured_image_url":{"full":["https:\/\/semujer.gob.hn\/wp-content\/uploads\/2026\/04\/WhatsApp-Image-2026-04-28-at-10.14.45-PM.jpeg",1600,900,false],"landscape":["https:\/\/semujer.gob.hn\/wp-content\/uploads\/2026\/04\/WhatsApp-Image-2026-04-28-at-10.14.45-PM.jpeg",1600,900,false],"portraits":["https:\/\/semujer.gob.hn\/wp-content\/uploads\/2026\/04\/WhatsApp-Image-2026-04-28-at-10.14.45-PM.jpeg",1600,900,false],"thumbnail":["https:\/\/semujer.gob.hn\/wp-content\/uploads\/2026\/04\/WhatsApp-Image-2026-04-28-at-10.14.45-PM-150x150.jpeg",150,150,true],"medium":["https:\/\/semujer.gob.hn\/wp-content\/uploads\/2026\/04\/WhatsApp-Image-2026-04-28-at-10.14.45-PM-300x169.jpeg",300,169,true],"large":["https:\/\/semujer.gob.hn\/wp-content\/uploads\/2026\/04\/WhatsApp-Image-2026-04-28-at-10.14.45-PM-1024x576.jpeg",1024,576,true],"1536x1536":["https:\/\/semujer.gob.hn\/wp-content\/uploads\/2026\/04\/WhatsApp-Image-2026-04-28-at-10.14.45-PM-1536x864.jpeg",1536,864,true],"2048x2048":["https:\/\/semujer.gob.hn\/wp-content\/uploads\/2026\/04\/WhatsApp-Image-2026-04-28-at-10.14.45-PM.jpeg",1600,900,false]},"rttpg_author":{"display_name":"Comunicaciones","author_link":"https:\/\/semujer.gob.hn\/index.php\/author\/comunicaciones\/"},"rttpg_comment":0,"rttpg_category":"<a href=\"https:\/\/semujer.gob.hn\/index.php\/category\/noticias\/\" rel=\"category tag\">Noticias Institucionales<\/a>","rttpg_excerpt":"La Secretar\u00eda de Asuntos de la Mujer de Honduras reafirma su compromiso con la inclusi\u00f3n y la atenci\u00f3n integral a [&hellip;]","_links":{"self":[{"href":"https:\/\/semujer.gob.hn\/index.php\/wp-json\/wp\/v2\/posts\/2354","targetHints":{"allow":["GET"]}}],"collection":[{"href":"https:\/\/semujer.gob.hn\/index.php\/wp-json\/wp\/v2\/posts"}],"about":[{"href":"https:\/\/semujer.gob.hn\/index.php\/wp-json\/wp\/v2\/types\/post"}],"author":[{"embeddable":true,"href":"https:\/\/semujer.gob.hn\/index.php\/wp-json\/wp\/v2\/users\/2"}],"replies":[{"embeddable":true,"href":"https:\/\/semujer.gob.hn\/index.php\/wp-json\/wp\/v2\/comments?post=2354"}],"version-history":[{"count":5,"href":"https:\/\/semujer.gob.hn\/index.php\/wp-json\/wp\/v2\/posts\/2354\/revisions"}],"predecessor-version":[{"id":2364,"href":"https:\/\/semujer.gob.hn\/index.php\/wp-json\/wp\/v2\/posts\/2354\/revisions\/2364"}],"wp:featuredmedia":[{"embeddable":true,"href":"https:\/\/semujer.gob.hn\/index.php\/wp-json\/wp\/v2\/media\/2356"}],"wp:attachment":[{"href":"https:\/\/semujer.gob.hn\/index.php\/wp-json\/wp\/v2\/media?parent=2354"}],"wp:term":[{"taxonomy":"category","embeddable":true,"href":"https:\/\/semujer.gob.hn\/index.php\/wp-json\/wp\/v2\/categories?post=2354"},{"taxonomy":"post_tag","embeddable":true,"href":"https:\/\/semujer.gob.hn\/index.php\/wp-json\/wp\/v2\/tags?post=2354"}],"curies":[{"name":"wp","href":"https:\/\/api.w.org\/{rel}","templated":true}]}}