{"id":2290,"date":"2026-04-24T16:01:44","date_gmt":"2026-04-24T16:01:44","guid":{"rendered":"https:\/\/semujer.gob.hn\/?p=2290"},"modified":"2026-04-24T16:05:43","modified_gmt":"2026-04-24T16:05:43","slug":"elementor-2290","status":"publish","type":"post","link":"https:\/\/semujer.gob.hn\/index.php\/2026\/04\/24\/elementor-2290\/","title":{"rendered":"Compromiso para proteger a las mujeres: Acercamiento entre la Secretar\u00eda de la Mujer y el Sistema Nacional de Emergencias 9-1-1"},"content":{"rendered":"\t\t<div data-elementor-type=\"wp-post\" data-elementor-id=\"2290\" class=\"elementor elementor-2290\">\n\t\t\t\t<div class=\"elementor-element elementor-element-617a1498 e-flex e-con-boxed e-con e-parent\" data-id=\"617a1498\" data-element_type=\"container\" data-settings=\"{&quot;background_background&quot;:&quot;classic&quot;}\">\n\t\t\t\t\t<div class=\"e-con-inner\">\n\t\t\t\t<div class=\"elementor-element elementor-element-7ca84c7a elementor-widget elementor-widget-spacer\" data-id=\"7ca84c7a\" data-element_type=\"widget\" data-widget_type=\"spacer.default\">\n\t\t\t\t<div class=\"elementor-widget-container\">\n\t\t\t\t\t\t\t<div class=\"elementor-spacer\">\n\t\t\t<div class=\"elementor-spacer-inner\"><\/div>\n\t\t<\/div>\n\t\t\t\t\t\t<\/div>\n\t\t\t\t<\/div>\n\t\t\t\t<div class=\"elementor-element elementor-element-73a8ee92 elementor-widget elementor-widget-image\" data-id=\"73a8ee92\" data-element_type=\"widget\" data-widget_type=\"image.default\">\n\t\t\t\t<div class=\"elementor-widget-container\">\n\t\t\t\t\t\t\t\t\t\t\t\t\t\t\t<img fetchpriority=\"high\" decoding=\"async\" width=\"1920\" height=\"1080\" src=\"https:\/\/semujer.gob.hn\/wp-content\/uploads\/2026\/04\/TEXTO-PLANTILLA-2.png\" class=\"attachment-full size-full wp-image-2292\" alt=\"\" srcset=\"https:\/\/semujer.gob.hn\/wp-content\/uploads\/2026\/04\/TEXTO-PLANTILLA-2.png 1920w, https:\/\/semujer.gob.hn\/wp-content\/uploads\/2026\/04\/TEXTO-PLANTILLA-2-300x169.png 300w, https:\/\/semujer.gob.hn\/wp-content\/uploads\/2026\/04\/TEXTO-PLANTILLA-2-1024x576.png 1024w, https:\/\/semujer.gob.hn\/wp-content\/uploads\/2026\/04\/TEXTO-PLANTILLA-2-768x432.png 768w, https:\/\/semujer.gob.hn\/wp-content\/uploads\/2026\/04\/TEXTO-PLANTILLA-2-1536x864.png 1536w\" sizes=\"(max-width: 1920px) 100vw, 1920px\" \/>\t\t\t\t\t\t\t\t\t\t\t\t\t\t\t<\/div>\n\t\t\t\t<\/div>\n\t\t\t\t<div class=\"elementor-element elementor-element-23c5adf9 elementor-widget elementor-widget-spacer\" data-id=\"23c5adf9\" data-element_type=\"widget\" data-widget_type=\"spacer.default\">\n\t\t\t\t<div class=\"elementor-widget-container\">\n\t\t\t\t\t\t\t<div class=\"elementor-spacer\">\n\t\t\t<div class=\"elementor-spacer-inner\"><\/div>\n\t\t<\/div>\n\t\t\t\t\t\t<\/div>\n\t\t\t\t<\/div>\n\t\t\t\t<div class=\"elementor-element elementor-element-3afc38de elementor-widget elementor-widget-text-editor\" data-id=\"3afc38de\" data-element_type=\"widget\" data-widget_type=\"text-editor.default\">\n\t\t\t\t<div class=\"elementor-widget-container\">\n\t\t\t\t\t\t\t\t\t<p>En un paso decisivo hacia la protecci\u00f3n de los derechos de las hondure\u00f1as, la Secretar\u00eda de Asuntos de la Mujer (SEMUJER) y el Sistema Nacional de Emergencias 9-1-1 han tenido un acercamiento para fortalecer la atenci\u00f3n y respuesta ante casos de violencia contra mujeres.<\/p><p>Este acercamiento surge con el firme prop\u00f3sito de garantizar que las mujeres que denuncian cualquier situaci\u00f3n de violencia reciban una atenci\u00f3n sensible, r\u00e1pida y efectiva. Para ello, se actualizar\u00e1 el protocolo de atenci\u00f3n, integrando equipos especializados en violencia de g\u00e9nero que acompa\u00f1ar\u00e1n a las denunciantes en cada paso del proceso, promoviendo un entorno de confianza y apoyo.<\/p><p>Durante la reuni\u00f3n, ambas instituciones acordaron activar una agenda concreta para la firma de un pr\u00f2ximo convenio, con especial atenci\u00f3n en fortalecer las capacidades en las ciudades de Choluteca, San Pedro Sula, Tela, Santa Rosa y Tegucigalpa. Adem\u00e1s, se buscar\u00e1 mejorar la gesti\u00f3n de datos, diferenciando claramente la informaci\u00f3n proporcionada por el sistema 9-1-1 para identificar patrones y zonas prioritarias en la atenci\u00f3n a las mujeres v\u00edctimas de violencia.<\/p><p>Es importante destacar que, en lo que va del a\u00f1o, el Sistema Nacional de Emergencias 911 ha atendido m\u00e1s de 27,670 denuncias relacionadas con violencia hacia mujeres, reflejando la urgente necesidad de fortalecer estos canales y garantizar que cada denuncia sea atendida con sensibilidad y responsabilidad.<\/p><p>Siguiendo la visi\u00f3n del mandato del Presidente Asfura, estas colaboraciones buscan fortalecer una Honduras m\u00e1s segura y equitativa para todas las mujeres, donde denunciar se convierta en el primer paso hacia la protecci\u00f3n y la justicia. La participaci\u00f3n activa y el compromiso conjunto de todos los actores son fundamentales para construir una sociedad libre de violencia, basada en el respeto mutuo y la igualdad.<\/p>\t\t\t\t\t\t\t\t<\/div>\n\t\t\t\t<\/div>\n\t\t\t\t<div class=\"elementor-element elementor-element-3f5b19aa elementor-widget elementor-widget-spacer\" data-id=\"3f5b19aa\" data-element_type=\"widget\" data-widget_type=\"spacer.default\">\n\t\t\t\t<div class=\"elementor-widget-container\">\n\t\t\t\t\t\t\t<div class=\"elementor-spacer\">\n\t\t\t<div class=\"elementor-spacer-inner\"><\/div>\n\t\t<\/div>\n\t\t\t\t\t\t<\/div>\n\t\t\t\t<\/div>\n\t\t\t\t<div class=\"elementor-element elementor-element-7a2235ee elementor-arrows-position-inside elementor-pagination-position-outside elementor-widget elementor-widget-image-carousel\" data-id=\"7a2235ee\" data-element_type=\"widget\" data-settings=\"{&quot;slides_to_show&quot;:&quot;1&quot;,&quot;navigation&quot;:&quot;both&quot;,&quot;autoplay&quot;:&quot;yes&quot;,&quot;pause_on_hover&quot;:&quot;yes&quot;,&quot;pause_on_interaction&quot;:&quot;yes&quot;,&quot;autoplay_speed&quot;:5000,&quot;infinite&quot;:&quot;yes&quot;,&quot;effect&quot;:&quot;slide&quot;,&quot;speed&quot;:500}\" data-widget_type=\"image-carousel.default\">\n\t\t\t\t<div class=\"elementor-widget-container\">\n\t\t\t\t\t\t\t<div class=\"elementor-image-carousel-wrapper swiper\" role=\"region\" aria-roledescription=\"carousel\" aria-label=\"Carrusel de im\u00e1genes\" dir=\"ltr\">\n\t\t\t<div class=\"elementor-image-carousel swiper-wrapper\" aria-live=\"off\">\n\t\t\t\t\t\t\t\t<div class=\"swiper-slide\" role=\"group\" aria-roledescription=\"slide\" aria-label=\"1 de 8\"><figure class=\"swiper-slide-inner\"><img decoding=\"async\" class=\"swiper-slide-image\" src=\"https:\/\/semujer.gob.hn\/wp-content\/uploads\/2026\/04\/WhatsApp-Image-2026-04-24-at-9.58.50-AM.jpeg\" alt=\"WhatsApp Image 2026-04-24 at 9.58.50 AM\" \/><\/figure><\/div><div class=\"swiper-slide\" role=\"group\" aria-roledescription=\"slide\" aria-label=\"2 de 8\"><figure class=\"swiper-slide-inner\"><img decoding=\"async\" class=\"swiper-slide-image\" src=\"https:\/\/semujer.gob.hn\/wp-content\/uploads\/2026\/04\/WhatsApp-Image-2026-04-24-at-9.58.49-AM-2.jpeg\" alt=\"WhatsApp Image 2026-04-24 at 9.58.49 AM (2)\" \/><\/figure><\/div><div class=\"swiper-slide\" role=\"group\" aria-roledescription=\"slide\" aria-label=\"3 de 8\"><figure class=\"swiper-slide-inner\"><img decoding=\"async\" class=\"swiper-slide-image\" src=\"https:\/\/semujer.gob.hn\/wp-content\/uploads\/2026\/04\/WhatsApp-Image-2026-04-24-at-9.58.49-AM-1.jpeg\" alt=\"WhatsApp Image 2026-04-24 at 9.58.49 AM (1)\" \/><\/figure><\/div><div class=\"swiper-slide\" role=\"group\" aria-roledescription=\"slide\" aria-label=\"4 de 8\"><figure class=\"swiper-slide-inner\"><img decoding=\"async\" class=\"swiper-slide-image\" src=\"https:\/\/semujer.gob.hn\/wp-content\/uploads\/2026\/04\/WhatsApp-Image-2026-04-24-at-9.58.49-AM.jpeg\" alt=\"WhatsApp Image 2026-04-24 at 9.58.49 AM\" \/><\/figure><\/div><div class=\"swiper-slide\" role=\"group\" aria-roledescription=\"slide\" aria-label=\"5 de 8\"><figure class=\"swiper-slide-inner\"><img decoding=\"async\" class=\"swiper-slide-image\" src=\"https:\/\/semujer.gob.hn\/wp-content\/uploads\/2026\/04\/WhatsApp-Image-2026-04-24-at-9.58.48-AM-3.jpeg\" alt=\"WhatsApp Image 2026-04-24 at 9.58.48 AM (3)\" \/><\/figure><\/div><div class=\"swiper-slide\" role=\"group\" aria-roledescription=\"slide\" aria-label=\"6 de 8\"><figure class=\"swiper-slide-inner\"><img decoding=\"async\" class=\"swiper-slide-image\" src=\"https:\/\/semujer.gob.hn\/wp-content\/uploads\/2026\/04\/WhatsApp-Image-2026-04-24-at-9.58.48-AM-2.jpeg\" alt=\"WhatsApp Image 2026-04-24 at 9.58.48 AM (2)\" \/><\/figure><\/div><div class=\"swiper-slide\" role=\"group\" aria-roledescription=\"slide\" aria-label=\"7 de 8\"><figure class=\"swiper-slide-inner\"><img decoding=\"async\" class=\"swiper-slide-image\" src=\"https:\/\/semujer.gob.hn\/wp-content\/uploads\/2026\/04\/WhatsApp-Image-2026-04-24-at-9.58.48-AM-1.jpeg\" alt=\"WhatsApp Image 2026-04-24 at 9.58.48 AM (1)\" \/><\/figure><\/div><div class=\"swiper-slide\" role=\"group\" aria-roledescription=\"slide\" aria-label=\"8 de 8\"><figure class=\"swiper-slide-inner\"><img decoding=\"async\" class=\"swiper-slide-image\" src=\"https:\/\/semujer.gob.hn\/wp-content\/uploads\/2026\/04\/WhatsApp-Image-2026-04-24-at-9.58.48-AM.jpeg\" alt=\"WhatsApp Image 2026-04-24 at 9.58.48 AM\" \/><\/figure><\/div>\t\t\t<\/div>\n\t\t\t\t\t\t\t\t\t\t\t\t<div class=\"elementor-swiper-button elementor-swiper-button-prev\" role=\"button\" tabindex=\"0\">\n\t\t\t\t\t\t<svg aria-hidden=\"true\" class=\"e-font-icon-svg e-eicon-chevron-left\" viewBox=\"0 0 1000 1000\" xmlns=\"http:\/\/www.w3.org\/2000\/svg\"><path d=\"M646 125C629 125 613 133 604 142L308 442C296 454 292 471 292 487 292 504 296 521 308 533L604 854C617 867 629 875 646 875 663 875 679 871 692 858 704 846 713 829 713 812 713 796 708 779 692 767L438 487 692 225C700 217 708 204 708 187 708 171 704 154 692 142 675 129 663 125 646 125Z\"><\/path><\/svg>\t\t\t\t\t<\/div>\n\t\t\t\t\t<div class=\"elementor-swiper-button elementor-swiper-button-next\" role=\"button\" tabindex=\"0\">\n\t\t\t\t\t\t<svg aria-hidden=\"true\" class=\"e-font-icon-svg e-eicon-chevron-right\" viewBox=\"0 0 1000 1000\" xmlns=\"http:\/\/www.w3.org\/2000\/svg\"><path d=\"M696 533C708 521 713 504 713 487 713 471 708 454 696 446L400 146C388 133 375 125 354 125 338 125 325 129 313 142 300 154 292 171 292 187 292 204 296 221 308 233L563 492 304 771C292 783 288 800 288 817 288 833 296 850 308 863 321 871 338 875 354 875 371 875 388 867 400 854L696 533Z\"><\/path><\/svg>\t\t\t\t\t<\/div>\n\t\t\t\t\n\t\t\t\t\t\t\t\t\t<div class=\"swiper-pagination\"><\/div>\n\t\t\t\t\t\t\t\t\t<\/div>\n\t\t\t\t\t\t<\/div>\n\t\t\t\t<\/div>\n\t\t\t\t<div class=\"elementor-element elementor-element-604eee82 elementor-shape-rounded elementor-grid-0 e-grid-align-center elementor-widget elementor-widget-social-icons\" data-id=\"604eee82\" data-element_type=\"widget\" data-widget_type=\"social-icons.default\">\n\t\t\t\t<div class=\"elementor-widget-container\">\n\t\t\t\t\t\t\t<div class=\"elementor-social-icons-wrapper elementor-grid\" role=\"list\">\n\t\t\t\t\t\t\t<span class=\"elementor-grid-item\" role=\"listitem\">\n\t\t\t\t\t<a class=\"elementor-icon elementor-social-icon elementor-social-icon-facebook elementor-repeater-item-14d92bf\" href=\"https:\/\/www.facebook.com\/SEMUJERHND\/\" target=\"_blank\">\n\t\t\t\t\t\t<span class=\"elementor-screen-only\">Facebook<\/span>\n\t\t\t\t\t\t<svg class=\"e-font-icon-svg e-fab-facebook\" viewBox=\"0 0 512 512\" xmlns=\"http:\/\/www.w3.org\/2000\/svg\"><path d=\"M504 256C504 119 393 8 256 8S8 119 8 256c0 123.78 90.69 226.38 209.25 245V327.69h-63V256h63v-54.64c0-62.15 37-96.48 93.67-96.48 27.14 0 55.52 4.84 55.52 4.84v61h-31.28c-30.8 0-40.41 19.12-40.41 38.73V256h68.78l-11 71.69h-57.78V501C413.31 482.38 504 379.78 504 256z\"><\/path><\/svg>\t\t\t\t\t<\/a>\n\t\t\t\t<\/span>\n\t\t\t\t\t\t\t<span class=\"elementor-grid-item\" role=\"listitem\">\n\t\t\t\t\t<a class=\"elementor-icon elementor-social-icon elementor-social-icon-x-twitter elementor-repeater-item-8a811e1\" href=\"https:\/\/www.google.com\/url?sa=t&#038;source=web&#038;rct=j&#038;opi=89978449&#038;url=https:\/\/x.com\/semujer_hn%3Fref_src%3Dtwsrc%255Egoogle%257Ctwcamp%255Eserp%257Ctwgr%255Eauthor&#038;ved=2ahUKEwir79_Q7I2OAxXcSjABHf5GGIEQ6F56BAgSEAE&#038;usg=AOvVaw23_XQraGuPJUah8Q-jk6H7\" target=\"_blank\">\n\t\t\t\t\t\t<span class=\"elementor-screen-only\">X-twitter<\/span>\n\t\t\t\t\t\t<svg class=\"e-font-icon-svg e-fab-x-twitter\" viewBox=\"0 0 512 512\" xmlns=\"http:\/\/www.w3.org\/2000\/svg\"><path d=\"M389.2 48h70.6L305.6 224.2 487 464H345L233.7 318.6 106.5 464H35.8L200.7 275.5 26.8 48H172.4L272.9 180.9 389.2 48zM364.4 421.8h39.1L151.1 88h-42L364.4 421.8z\"><\/path><\/svg>\t\t\t\t\t<\/a>\n\t\t\t\t<\/span>\n\t\t\t\t\t\t\t<span class=\"elementor-grid-item\" role=\"listitem\">\n\t\t\t\t\t<a class=\"elementor-icon elementor-social-icon elementor-social-icon-instagram elementor-repeater-item-4938069\" href=\"https:\/\/www.google.com\/url?sa=t&#038;source=web&#038;rct=j&#038;opi=89978449&#038;url=https:\/\/www.instagram.com\/semujer_hn\/%3Fhl%3Des&#038;ved=2ahUKEwjOybLk7I2OAxXQSzABHTmXKFAQFnoECBwQAQ&#038;usg=AOvVaw2ScaxOuW5Ep6jXBaz8uV7H\" target=\"_blank\">\n\t\t\t\t\t\t<span class=\"elementor-screen-only\">Instagram<\/span>\n\t\t\t\t\t\t<svg class=\"e-font-icon-svg e-fab-instagram\" viewBox=\"0 0 448 512\" xmlns=\"http:\/\/www.w3.org\/2000\/svg\"><path d=\"M224.1 141c-63.6 0-114.9 51.3-114.9 114.9s51.3 114.9 114.9 114.9S339 319.5 339 255.9 287.7 141 224.1 141zm0 189.6c-41.1 0-74.7-33.5-74.7-74.7s33.5-74.7 74.7-74.7 74.7 33.5 74.7 74.7-33.6 74.7-74.7 74.7zm146.4-194.3c0 14.9-12 26.8-26.8 26.8-14.9 0-26.8-12-26.8-26.8s12-26.8 26.8-26.8 26.8 12 26.8 26.8zm76.1 27.2c-1.7-35.9-9.9-67.7-36.2-93.9-26.2-26.2-58-34.4-93.9-36.2-37-2.1-147.9-2.1-184.9 0-35.8 1.7-67.6 9.9-93.9 36.1s-34.4 58-36.2 93.9c-2.1 37-2.1 147.9 0 184.9 1.7 35.9 9.9 67.7 36.2 93.9s58 34.4 93.9 36.2c37 2.1 147.9 2.1 184.9 0 35.9-1.7 67.7-9.9 93.9-36.2 26.2-26.2 34.4-58 36.2-93.9 2.1-37 2.1-147.8 0-184.8zM398.8 388c-7.8 19.6-22.9 34.7-42.6 42.6-29.5 11.7-99.5 9-132.1 9s-102.7 2.6-132.1-9c-19.6-7.8-34.7-22.9-42.6-42.6-11.7-29.5-9-99.5-9-132.1s-2.6-102.7 9-132.1c7.8-19.6 22.9-34.7 42.6-42.6 29.5-11.7 99.5-9 132.1-9s102.7-2.6 132.1 9c19.6 7.8 34.7 22.9 42.6 42.6 11.7 29.5 9 99.5 9 132.1s2.7 102.7-9 132.1z\"><\/path><\/svg>\t\t\t\t\t<\/a>\n\t\t\t\t<\/span>\n\t\t\t\t\t\t\t<span class=\"elementor-grid-item\" role=\"listitem\">\n\t\t\t\t\t<a class=\"elementor-icon elementor-social-icon elementor-social-icon-tiktok elementor-repeater-item-afb6596\" href=\"https:\/\/www.tiktok.com\/@semujer_hn?_t=ZM-8x7r5Wwz2Mo&#038;_r=1\" target=\"_blank\">\n\t\t\t\t\t\t<span class=\"elementor-screen-only\">Tiktok<\/span>\n\t\t\t\t\t\t<svg class=\"e-font-icon-svg e-fab-tiktok\" viewBox=\"0 0 448 512\" xmlns=\"http:\/\/www.w3.org\/2000\/svg\"><path d=\"M448,209.91a210.06,210.06,0,0,1-122.77-39.25V349.38A162.55,162.55,0,1,1,185,188.31V278.2a74.62,74.62,0,1,0,52.23,71.18V0l88,0a121.18,121.18,0,0,0,1.86,22.17h0A122.18,122.18,0,0,0,381,102.39a121.43,121.43,0,0,0,67,20.14Z\"><\/path><\/svg>\t\t\t\t\t<\/a>\n\t\t\t\t<\/span>\n\t\t\t\t\t<\/div>\n\t\t\t\t\t\t<\/div>\n\t\t\t\t<\/div>\n\t\t\t\t<div class=\"elementor-element elementor-element-5aad7089 elementor-widget elementor-widget-spacer\" data-id=\"5aad7089\" data-element_type=\"widget\" data-widget_type=\"spacer.default\">\n\t\t\t\t<div class=\"elementor-widget-container\">\n\t\t\t\t\t\t\t<div class=\"elementor-spacer\">\n\t\t\t<div class=\"elementor-spacer-inner\"><\/div>\n\t\t<\/div>\n\t\t\t\t\t\t<\/div>\n\t\t\t\t<\/div>\n\t\t\t\t<div class=\"elementor-element elementor-element-535b4942 tpg-wrapper-align-left section-title-align-center meta-visibility-show section-title-style-style1 title_position_default title_hover_border_default title-default img_hover_animation_default meta_position_default readmore-btn-default-style grid-hover-overlay-type-always tpg-el-box-border-enable tpg-border-bottom-disable elementor-widget elementor-widget-tpg-grid-layout\" data-id=\"535b4942\" data-element_type=\"widget\" data-widget_type=\"tpg-grid-layout.default\">\n\t\t\t\t<div class=\"elementor-widget-container\">\n\t\t\t\t\t\t\t<div class=\"rt-container-fluid rt-tpg-container tpg-el-main-wrapper clearfix grid-layout1-main \"\n\t\t\t id=\"rt-tpg-container-1538986289\"\n\t\t\t data-layout=\"grid-layout1\"\n\t\t\t data-grid-style=\"tpg-full-height\"\n\t\t\t data-sc-id=\"elementor\"\n\t\t\t data-el-settings=''\n\t\t\t data-el-query=''\n\t\t\t data-el-path=''\n\t\t>\n\t\t\t\t\t\t<div class='tpg-header-wrapper '>\n\t\t\t\t\n        <div class=\"tpg-widget-heading-wrapper rt-clear heading-style1 \">\n            <span class=\"tpg-widget-heading-line line-left\"><\/span>\n\t\t\t<h1 class='tpg-widget-heading'>\n\t\t\t\n\t\t\t\t                    <span>\n\t\t\t\t\t\tOtras Noticias\t\t\t\t\t<\/span>\n\t\t\t\t\t\n\t\t\t\t\t\t\t<\/h1>            <span class=\"tpg-widget-heading-line line-right\"><\/span>\n\n\t\t\t\n        <\/div>\n\n\t\t\n\t\t\t\t\t<\/div>\n\n\t\t\t<div data-title=\"Loading ...\" class=\"rt-row rt-content-loader grid-layout1 grid-behaviour tpg-full-height grid_layout_wrapper\">\n\t\t\t\t<div class=\"rt-col-md-4 rt-col-sm-6 rt-col-xs-12 default rt-grid-item post-2354 post type-post status-publish format-standard has-post-thumbnail hentry category-noticias\"\t\tdata-id=\"2354\">\n\t<div class=\"rt-holder tpg-post-holder\">\n\t\t<div class=\"rt-detail rt-el-content-wrapper\">\n\t\t\t\t\t\t\t<div class=\"rt-img-holder tpg-el-image-wrap has-thumbnail\">\n\t\t\t\t\t<a data-id=\"2354\" href=\"https:\/\/semujer.gob.hn\/index.php\/2026\/04\/29\/elementor-2354\/\" class=\"tpg-post-link\" target=\"_self\">                        <img decoding=\"async\" src=\"https:\/\/semujer.gob.hn\/wp-content\/uploads\/2026\/04\/WhatsApp-Image-2026-04-28-at-10.14.45-PM-768x432.jpeg\"\n                             class=\"rt-img-responsive\"\n                             width=\"768\"\n                             height=\"432\"\n                             alt=\"Acercamiento para promover la participaci\u00f3n y atenci\u00f3n integral a mujeres con discapacidad\">\n\t\t\t\t\t\t\n\t\t\t\t\t\t\t\n\t\t<\/a>\n\t\t        <div class=\"overlay grid-hover-content\"><\/div>\n\t\t\t\t\t\t<\/div>\n\t\t\t\n\t\t\t<div class=\"entry-title-wrapper\"><h4 class=\"entry-title\"><a data-id=\"2354\" href=\"https:\/\/semujer.gob.hn\/index.php\/2026\/04\/29\/elementor-2354\/\" class=\"tpg-post-link\" target=\"_self\">Acercamiento para promover la participaci\u00f3n y atenci\u00f3n integral a mujeres con discapacidad<\/a><\/h4><\/div>\n\t\t\t\t\t\t\t<div class=\"post-meta-tags rt-el-post-meta\">\n\t\t\t\t\t\t\t\t\t<\/div>\n\t\t\t\n\n\t\t\t\t\t\t\t<div class=\"tpg-excerpt tpg-el-excerpt\">\n\t\t\t\t\t\t\t\t\t\t\t<div class=\"tpg-excerpt-inner\">\n\t\t\t\t\t\t\tLa Secretar\u00eda de Asuntos de la Mujer de Honduras reafirma su compromiso con la inclusi\u00f3n y la atenci\u00f3n integral a...\t\t\t\t\t\t<\/div>\n\t\t\t\t\t\t\t\t\t\t\t\t\t\t<\/div>\n\t\t\t\n\t\t\t        <div class=\"post-footer\">\n            <div class=\"post-footer\">\n                <div class=\"read-more\">\n\t\t\t\t\t<a data-id=\"2354\" href=\"https:\/\/semujer.gob.hn\/index.php\/2026\/04\/29\/elementor-2354\/\" class=\"tpg-post-link\" target=\"_self\">Leer m\u00e1s<\/a>                <\/div>\n            <\/div>\n        <\/div>\n\t\t\t\t<\/div>\n\t<\/div>\n<\/div>\n<div class=\"rt-col-md-4 rt-col-sm-6 rt-col-xs-12 default rt-grid-item post-2330 post type-post status-publish format-standard has-post-thumbnail hentry category-noticias\"\t\tdata-id=\"2330\">\n\t<div class=\"rt-holder tpg-post-holder\">\n\t\t<div class=\"rt-detail rt-el-content-wrapper\">\n\t\t\t\t\t\t\t<div class=\"rt-img-holder tpg-el-image-wrap has-thumbnail\">\n\t\t\t\t\t<a data-id=\"2330\" href=\"https:\/\/semujer.gob.hn\/index.php\/2026\/04\/27\/elementor-2330\/\" class=\"tpg-post-link\" target=\"_self\">                        <img decoding=\"async\" src=\"https:\/\/semujer.gob.hn\/wp-content\/uploads\/2026\/04\/WhatsApp-Image-2026-04-27-at-4.03.51-PM-768x432.jpeg\"\n                             class=\"rt-img-responsive\"\n                             width=\"768\"\n                             height=\"432\"\n                             alt=\"Mujeres tendr\u00e1n mayor impulso con acciones coordinadas para su empoderamiento y desarrollo sostenible\">\n\t\t\t\t\t\t\n\t\t\t\t\t\t\t\n\t\t<\/a>\n\t\t        <div class=\"overlay grid-hover-content\"><\/div>\n\t\t\t\t\t\t<\/div>\n\t\t\t\n\t\t\t<div class=\"entry-title-wrapper\"><h4 class=\"entry-title\"><a data-id=\"2330\" href=\"https:\/\/semujer.gob.hn\/index.php\/2026\/04\/27\/elementor-2330\/\" class=\"tpg-post-link\" target=\"_self\">Mujeres tendr\u00e1n mayor impulso con acciones coordinadas para su empoderamiento y desarrollo sostenible<\/a><\/h4><\/div>\n\t\t\t\t\t\t\t<div class=\"post-meta-tags rt-el-post-meta\">\n\t\t\t\t\t\t\t\t\t<\/div>\n\t\t\t\n\n\t\t\t\t\t\t\t<div class=\"tpg-excerpt tpg-el-excerpt\">\n\t\t\t\t\t\t\t\t\t\t\t<div class=\"tpg-excerpt-inner\">\n\t\t\t\t\t\t\tSan Juan, Intibuc\u00e1. Alcaldias, mancomunidades, red de mujeres y organizaciones civiles, de San Juan Intibuca se sientan junto con autoridades...\t\t\t\t\t\t<\/div>\n\t\t\t\t\t\t\t\t\t\t\t\t\t\t<\/div>\n\t\t\t\n\t\t\t        <div class=\"post-footer\">\n            <div class=\"post-footer\">\n                <div class=\"read-more\">\n\t\t\t\t\t<a data-id=\"2330\" href=\"https:\/\/semujer.gob.hn\/index.php\/2026\/04\/27\/elementor-2330\/\" class=\"tpg-post-link\" target=\"_self\">Leer m\u00e1s<\/a>                <\/div>\n            <\/div>\n        <\/div>\n\t\t\t\t<\/div>\n\t<\/div>\n<\/div>\n<div class=\"rt-col-md-4 rt-col-sm-6 rt-col-xs-12 default rt-grid-item post-2309 post type-post status-publish format-standard has-post-thumbnail hentry category-noticias\"\t\tdata-id=\"2309\">\n\t<div class=\"rt-holder tpg-post-holder\">\n\t\t<div class=\"rt-detail rt-el-content-wrapper\">\n\t\t\t\t\t\t\t<div class=\"rt-img-holder tpg-el-image-wrap has-thumbnail\">\n\t\t\t\t\t<a data-id=\"2309\" href=\"https:\/\/semujer.gob.hn\/index.php\/2026\/04\/24\/elementor-2309\/\" class=\"tpg-post-link\" target=\"_self\">                        <img loading=\"lazy\" decoding=\"async\" src=\"https:\/\/semujer.gob.hn\/wp-content\/uploads\/2026\/04\/WhatsApp-Image-2026-04-24-at-4.09.26-PM-768x432.jpeg\"\n                             class=\"rt-img-responsive\"\n                             width=\"768\"\n                             height=\"432\"\n                             alt=\"SEMUJER y Manos Extendidas impulsan cooperaci\u00f3n en formaci\u00f3n y empoderamiento de mujeres adolescentes\">\n\t\t\t\t\t\t\n\t\t\t\t\t\t\t\n\t\t<\/a>\n\t\t        <div class=\"overlay grid-hover-content\"><\/div>\n\t\t\t\t\t\t<\/div>\n\t\t\t\n\t\t\t<div class=\"entry-title-wrapper\"><h4 class=\"entry-title\"><a data-id=\"2309\" href=\"https:\/\/semujer.gob.hn\/index.php\/2026\/04\/24\/elementor-2309\/\" class=\"tpg-post-link\" target=\"_self\">SEMUJER y Manos Extendidas impulsan cooperaci\u00f3n en formaci\u00f3n y empoderamiento de mujeres adolescentes<\/a><\/h4><\/div>\n\t\t\t\t\t\t\t<div class=\"post-meta-tags rt-el-post-meta\">\n\t\t\t\t\t\t\t\t\t<\/div>\n\t\t\t\n\n\t\t\t\t\t\t\t<div class=\"tpg-excerpt tpg-el-excerpt\">\n\t\t\t\t\t\t\t\t\t\t\t<div class=\"tpg-excerpt-inner\">\n\t\t\t\t\t\t\t\u00abSEMUJER Y MANOS EXTENDIDAS IMPULSAN COOPERACI\u00d3N ENFORMACI\u00d3N Y EMPODERAMIENTO DE MUJERES ADOLESCENTES\u00bb Tegucigalpa, 24 de abril de 2026 \u2014 La...\t\t\t\t\t\t<\/div>\n\t\t\t\t\t\t\t\t\t\t\t\t\t\t<\/div>\n\t\t\t\n\t\t\t        <div class=\"post-footer\">\n            <div class=\"post-footer\">\n                <div class=\"read-more\">\n\t\t\t\t\t<a data-id=\"2309\" href=\"https:\/\/semujer.gob.hn\/index.php\/2026\/04\/24\/elementor-2309\/\" class=\"tpg-post-link\" target=\"_self\">Leer m\u00e1s<\/a>                <\/div>\n            <\/div>\n        <\/div>\n\t\t\t\t<\/div>\n\t<\/div>\n<\/div>\n\t\t\t<\/div>\n\t\t\t\n\t\t<\/div>\n\t\t\t\t\t\t<\/div>\n\t\t\t\t<\/div>\n\t\t<div class=\"elementor-element elementor-element-4e4d7c98 e-con-full e-flex e-con e-child\" data-id=\"4e4d7c98\" data-element_type=\"container\">\n\t\t\t\t<\/div>\n\t\t\t\t\t<\/div>\n\t\t\t\t<\/div>\n\t\t\t\t<\/div>\n\t\t","protected":false},"excerpt":{"rendered":"<p>En un paso decisivo hacia la protecci\u00f3n de los derechos de las hondure\u00f1as, la Secretar\u00eda de Asuntos de la Mujer [&hellip;]<\/p>\n","protected":false},"author":2,"featured_media":2292,"comment_status":"closed","ping_status":"closed","sticky":false,"template":"","format":"standard","meta":{"site-sidebar-layout":"default","site-content-layout":"","ast-site-content-layout":"","site-content-style":"default","site-sidebar-style":"default","ast-global-header-display":"","ast-banner-title-visibility":"","ast-main-header-display":"","ast-hfb-above-header-display":"","ast-hfb-below-header-display":"","ast-hfb-mobile-header-display":"","site-post-title":"","ast-breadcrumbs-content":"","ast-featured-img":"","footer-sml-layout":"","theme-transparent-header-meta":"","adv-header-id-meta":"","stick-header-meta":"","header-above-stick-meta":"","header-main-stick-meta":"","header-below-stick-meta":"","astra-migrate-meta-layouts":"default","ast-page-background-enabled":"default","ast-page-background-meta":{"desktop":{"background-color":"var(--ast-global-color-5)","background-image":"","background-repeat":"repeat","background-position":"center center","background-size":"auto","background-attachment":"scroll","background-type":"","background-media":"","overlay-type":"","overlay-color":"","overlay-opacity":"","overlay-gradient":""},"tablet":{"background-color":"","background-image":"","background-repeat":"repeat","background-position":"center center","background-size":"auto","background-attachment":"scroll","background-type":"","background-media":"","overlay-type":"","overlay-color":"","overlay-opacity":"","overlay-gradient":""},"mobile":{"background-color":"","background-image":"","background-repeat":"repeat","background-position":"center center","background-size":"auto","background-attachment":"scroll","background-type":"","background-media":"","overlay-type":"","overlay-color":"","overlay-opacity":"","overlay-gradient":""}},"ast-content-background-meta":{"desktop":{"background-color":"var(--ast-global-color-4)","background-image":"","background-repeat":"repeat","background-position":"center center","background-size":"auto","background-attachment":"scroll","background-type":"","background-media":"","overlay-type":"","overlay-color":"","overlay-opacity":"","overlay-gradient":""},"tablet":{"background-color":"var(--ast-global-color-4)","background-image":"","background-repeat":"repeat","background-position":"center center","background-size":"auto","background-attachment":"scroll","background-type":"","background-media":"","overlay-type":"","overlay-color":"","overlay-opacity":"","overlay-gradient":""},"mobile":{"background-color":"var(--ast-global-color-4)","background-image":"","background-repeat":"repeat","background-position":"center center","background-size":"auto","background-attachment":"scroll","background-type":"","background-media":"","overlay-type":"","overlay-color":"","overlay-opacity":"","overlay-gradient":""}},"footnotes":""},"categories":[7],"tags":[],"class_list":["post-2290","post","type-post","status-publish","format-standard","has-post-thumbnail","hentry","category-noticias"],"rttpg_featured_image_url":{"full":["https:\/\/semujer.gob.hn\/wp-content\/uploads\/2026\/04\/TEXTO-PLANTILLA-2.png",1920,1080,false],"landscape":["https:\/\/semujer.gob.hn\/wp-content\/uploads\/2026\/04\/TEXTO-PLANTILLA-2.png",1920,1080,false],"portraits":["https:\/\/semujer.gob.hn\/wp-content\/uploads\/2026\/04\/TEXTO-PLANTILLA-2.png",1920,1080,false],"thumbnail":["https:\/\/semujer.gob.hn\/wp-content\/uploads\/2026\/04\/TEXTO-PLANTILLA-2-150x150.png",150,150,true],"medium":["https:\/\/semujer.gob.hn\/wp-content\/uploads\/2026\/04\/TEXTO-PLANTILLA-2-300x169.png",300,169,true],"large":["https:\/\/semujer.gob.hn\/wp-content\/uploads\/2026\/04\/TEXTO-PLANTILLA-2-1024x576.png",1024,576,true],"1536x1536":["https:\/\/semujer.gob.hn\/wp-content\/uploads\/2026\/04\/TEXTO-PLANTILLA-2-1536x864.png",1536,864,true],"2048x2048":["https:\/\/semujer.gob.hn\/wp-content\/uploads\/2026\/04\/TEXTO-PLANTILLA-2.png",1920,1080,false]},"rttpg_author":{"display_name":"Comunicaciones","author_link":"https:\/\/semujer.gob.hn\/index.php\/author\/comunicaciones\/"},"rttpg_comment":0,"rttpg_category":"<a href=\"https:\/\/semujer.gob.hn\/index.php\/category\/noticias\/\" rel=\"category tag\">Noticias Institucionales<\/a>","rttpg_excerpt":"En un paso decisivo hacia la protecci\u00f3n de los derechos de las hondure\u00f1as, la Secretar\u00eda de Asuntos de la Mujer [&hellip;]","_links":{"self":[{"href":"https:\/\/semujer.gob.hn\/index.php\/wp-json\/wp\/v2\/posts\/2290","targetHints":{"allow":["GET"]}}],"collection":[{"href":"https:\/\/semujer.gob.hn\/index.php\/wp-json\/wp\/v2\/posts"}],"about":[{"href":"https:\/\/semujer.gob.hn\/index.php\/wp-json\/wp\/v2\/types\/post"}],"author":[{"embeddable":true,"href":"https:\/\/semujer.gob.hn\/index.php\/wp-json\/wp\/v2\/users\/2"}],"replies":[{"embeddable":true,"href":"https:\/\/semujer.gob.hn\/index.php\/wp-json\/wp\/v2\/comments?post=2290"}],"version-history":[{"count":5,"href":"https:\/\/semujer.gob.hn\/index.php\/wp-json\/wp\/v2\/posts\/2290\/revisions"}],"predecessor-version":[{"id":2304,"href":"https:\/\/semujer.gob.hn\/index.php\/wp-json\/wp\/v2\/posts\/2290\/revisions\/2304"}],"wp:featuredmedia":[{"embeddable":true,"href":"https:\/\/semujer.gob.hn\/index.php\/wp-json\/wp\/v2\/media\/2292"}],"wp:attachment":[{"href":"https:\/\/semujer.gob.hn\/index.php\/wp-json\/wp\/v2\/media?parent=2290"}],"wp:term":[{"taxonomy":"category","embeddable":true,"href":"https:\/\/semujer.gob.hn\/index.php\/wp-json\/wp\/v2\/categories?post=2290"},{"taxonomy":"post_tag","embeddable":true,"href":"https:\/\/semujer.gob.hn\/index.php\/wp-json\/wp\/v2\/tags?post=2290"}],"curies":[{"name":"wp","href":"https:\/\/api.w.org\/{rel}","templated":true}]}}